{"id":440,"date":"2022-01-13T13:00:00","date_gmt":"2022-01-13T12:00:00","guid":{"rendered":"http:\/\/www.easysoft.de\/blog\/?p=440"},"modified":"2025-06-18T08:03:43","modified_gmt":"2025-06-18T06:03:43","slug":"demografiemanagement-ist-ein-wichtiger-faktor-im-fachkraeftemangel","status":"publish","type":"post","link":"https:\/\/www.easysoft.de\/blog\/demografiemanagement-ist-ein-wichtiger-faktor-im-fachkraeftemangel\/","title":{"rendered":"Ausbildung ist ein wichtiger Faktor gegen den Fachkr\u00e4ftemangel"},"content":{"rendered":"\n<p><strong>An Fachkr\u00e4ften mangelt es inzwischen jeden vierten deutschen Unternehmen. Gleichzeitig schwindet durch den demographischen Wandel auch die Anzahl der Nachwuchskr\u00e4fte, die neu auf den Arbeitsmarkt gelangen. <\/strong><\/p>\n\n\n\n<!--more-->\n\n\n\n<h2 class=\"wp-block-heading\">Besonders Kleinbetriebe leiden unter Fachkr\u00e4ftemangel<\/h2>\n\n\n\n<p>Rund ein Viertel der Unternehmen in Deutschland stellen bereits Auswirkungen des Fachkr\u00e4ftemangels bei sich fest. Hierbei spielt die Unternehmensgr\u00f6\u00dfe eine entscheidende Rolle. Laut einer <a href=\"https:\/\/doku.iab.de\/forschungsbericht\/2019\/fb1019.pdf\" target=\"_blank\" rel=\"noreferrer noopener\">Studie des Instituts f\u00fcr Arbeitsmarkt- und Berufsforschung (IAB)<\/a> ist besonders bei kleineren Betrieben der Leidensdruck hoch. Bis zu einer Unternehmensgr\u00f6\u00dfe von 50 Besch\u00e4ftigten bleiben rund 50 % der ausgeschriebenen Stellen unbesetzt. Bei Gro\u00dfbetrieben sind es nur rund 18 %. <\/p>\n\n\n\n<p>Auch die Zahl der Auszubildenden sinkt stetig. In der IAB-Studie berichten die Unternehmen mit merklichem Fachkr\u00e4ftemangel, dass bis zu 30&nbsp;% ihrer Ausbildungspl\u00e4tze unbesetzt bleiben. <\/p>\n\n\n\n<figure class=\"wp-block-image size-large\"><img loading=\"lazy\" decoding=\"async\" width=\"1024\" height=\"535\" src=\"https:\/\/www.easysoft.de\/blog\/wp-content\/uploads\/easyFacts_Weniger_Nachwuchs_1_91x1-1024x535.jpg\" alt=\"S\u00e4ulendiagramm zur Entwicklung der Azubis in Deutschland\" class=\"wp-image-2446\" srcset=\"https:\/\/www.easysoft.de\/blog\/wp-content\/uploads\/easyFacts_Weniger_Nachwuchs_1_91x1-1024x535.jpg 1024w, https:\/\/www.easysoft.de\/blog\/wp-content\/uploads\/easyFacts_Weniger_Nachwuchs_1_91x1-300x157.jpg 300w, https:\/\/www.easysoft.de\/blog\/wp-content\/uploads\/easyFacts_Weniger_Nachwuchs_1_91x1-1536x803.jpg 1536w, https:\/\/www.easysoft.de\/blog\/wp-content\/uploads\/easyFacts_Weniger_Nachwuchs_1_91x1-2048x1071.jpg 2048w, https:\/\/www.easysoft.de\/blog\/wp-content\/uploads\/easyFacts_Weniger_Nachwuchs_1_91x1-676x353.jpg 676w\" sizes=\"auto, (max-width: 1024px) 100vw, 1024px\" \/><figcaption class=\"wp-element-caption\">Der Nachwuchs schwindet: Von 2008 bis 2020 sank die Zahl der Auszubildenden in Deutschland um rund 20 %. Quelle: <a href=\"https:\/\/de.statista.com\/statistik\/daten\/studie\/156916\/umfrage\/anzahl-der-auszubildenden-in-deutschland-seit-1950\/\" target=\"_blank\" rel=\"noreferrer noopener\">Statista<\/a><\/figcaption><\/figure>\n\n\n\n<div style=\"height:40px\" aria-hidden=\"true\" class=\"wp-block-spacer\"><\/div>\n\n\n\n<h2 class=\"wp-block-heading\">\u00dcbernahmequote steigt deutlich<\/h2>\n\n\n\n<p>Wer selbst ausbildet, holt sich die Fachkr\u00e4fte von Beginn an ins eigene Unternehmen. Das die Ausbildung ein immer wichtigerer Faktor im Kampf gegen den Fachkr\u00e4ftemangel wird, zeigt auch die \u00dcbernahmequote. 2009 wurden rund 58&nbsp;% der Azubis nach Ende der Ausbildung \u00fcbernommen, 2018 waren es bereits 71&nbsp;% (Quelle: <a href=\"https:\/\/doku.iab.de\/forschungsbericht\/2019\/fb1019.pdf\" target=\"_blank\" rel=\"noreferrer noopener\">IAB<\/a>). <\/p>\n\n\n\n<p>Wer seine \u00dcbernahmequote steigern und gleichzeitig die Abbruchrate senken will, sollte allerdings ein paar Dinge beachten. Gerade die <a href=\"https:\/\/www.easysoft.de\/blog\/fuehrung-generation-z-mit-klarem-feedback-auszubildende-motivieren\/\">Generation Z legt Wert auf konstruktives Feedback<\/a> und regelm\u00e4\u00dfigen Austausch im Rahmen der <a href=\"https:\/\/www.easysoft.de\/blog\/mitarbeitergespraeche-richtig-fuehren\/\" target=\"_blank\" rel=\"noreferrer noopener\">Mitarbeitergespr\u00e4che<\/a>. <\/p>\n\n\n\n<h2 class=\"wp-block-heading\">Ausbildung wird wichtiger<\/h2>\n\n\n\n<p>Diese Entwicklungen zeigen, dass das Thema Ausbildung immer st\u00e4rker auf die Agenda dr\u00e4ngt. Unternehmen, die selbst ausbilden wollen, sehen sich dabei mit einer ganzen Reihe an Vorgaben und Verwaltungsaufw\u00e4nden konfrontiert. Mit unserer L\u00f6sung wollen wir Ihnen diesen Aufwand abnehmen, damit Ihnen mehr Zeit f\u00fcr das Wesentliche bleibt: die F\u00f6rderung Ihrer Nachwuchskr\u00e4fte. <\/p>\n\n\n\n<p>Kommen Sie gern auf uns zu, wir stellen Ihnen unsere <a href=\"https:\/\/www.easysoft.de\/ausbildungsmanagement\">Software f\u00fcr das Ausbildungsmanagement<\/a> gern vor.<\/p>\n","protected":false},"excerpt":{"rendered":"<p>An Fachkr\u00e4ften mangelt es inzwischen jeden vierten deutschen Unternehmen. Gleichzeitig schwindet durch den demographischen Wandel auch die Anzahl der Nachwuchskr\u00e4fte, die neu auf den Arbeitsmarkt (&#8230;)<\/p>\n","protected":false},"author":4,"featured_media":441,"comment_status":"open","ping_status":"open","sticky":false,"template":"","format":"standard","meta":{"_acf_changed":false,"footnotes":""},"categories":[273,240],"tags":[32],"class_list":["post-440","post","type-post","status-publish","format-standard","has-post-thumbnail","hentry","category-alle","category-ausbildungsmanagement","tag-fachkraeftemangel"],"acf":[],"yoast_head":"<!-- This site is optimized with the Yoast SEO plugin v27.5 - https:\/\/yoast.com\/product\/yoast-seo-wordpress\/ -->\n<title>Ausbildung ist ein wichtiger Faktor gegen den Fachkr\u00e4ftemangel - Der easySoft-Blog<\/title>\n<meta name=\"robots\" content=\"index, follow, max-snippet:-1, max-image-preview:large, max-video-preview:-1\" \/>\n<link rel=\"canonical\" href=\"https:\/\/www.easysoft.de\/blog\/demografiemanagement-ist-ein-wichtiger-faktor-im-fachkraeftemangel\/\" \/>\n<meta property=\"og:locale\" content=\"de_DE\" \/>\n<meta property=\"og:type\" content=\"article\" \/>\n<meta property=\"og:title\" content=\"Ausbildung ist ein wichtiger Faktor gegen den Fachkr\u00e4ftemangel - Der easySoft-Blog\" \/>\n<meta property=\"og:description\" content=\"An Fachkr\u00e4ften mangelt es inzwischen jeden vierten deutschen Unternehmen. Gleichzeitig schwindet durch den demographischen Wandel auch die Anzahl der Nachwuchskr\u00e4fte, die neu auf den Arbeitsmarkt (...)\" \/>\n<meta property=\"og:url\" content=\"https:\/\/www.easysoft.de\/blog\/demografiemanagement-ist-ein-wichtiger-faktor-im-fachkraeftemangel\/\" \/>\n<meta property=\"og:site_name\" content=\"Der easySoft-Blog\" \/>\n<meta property=\"article:published_time\" content=\"2022-01-13T12:00:00+00:00\" \/>\n<meta property=\"article:modified_time\" content=\"2025-06-18T06:03:43+00:00\" \/>\n<meta property=\"og:image\" content=\"https:\/\/www.easysoft.de\/blog\/wp-content\/uploads\/2015\/12\/pexels-photo-large.jpeg\" \/>\n\t<meta property=\"og:image:width\" content=\"825\" \/>\n\t<meta property=\"og:image:height\" content=\"550\" \/>\n\t<meta property=\"og:image:type\" content=\"image\/jpeg\" \/>\n<meta name=\"author\" content=\"Andreas Nau\" \/>\n<meta name=\"twitter:card\" content=\"summary_large_image\" \/>\n<meta name=\"twitter:label1\" content=\"Verfasst von\" \/>\n\t<meta name=\"twitter:data1\" content=\"Andreas Nau\" \/>\n\t<meta name=\"twitter:label2\" content=\"Gesch\u00e4tzte Lesezeit\" \/>\n\t<meta name=\"twitter:data2\" content=\"3\u00a0Minuten\" \/>\n<script type=\"application\/ld+json\" class=\"yoast-schema-graph\">{\"@context\":\"https:\\\/\\\/schema.org\",\"@graph\":[{\"@type\":\"Article\",\"@id\":\"https:\\\/\\\/www.easysoft.de\\\/blog\\\/demografiemanagement-ist-ein-wichtiger-faktor-im-fachkraeftemangel\\\/#article\",\"isPartOf\":{\"@id\":\"https:\\\/\\\/www.easysoft.de\\\/blog\\\/demografiemanagement-ist-ein-wichtiger-faktor-im-fachkraeftemangel\\\/\"},\"author\":{\"name\":\"Andreas Nau\",\"@id\":\"https:\\\/\\\/www.easysoft.de\\\/blog\\\/#\\\/schema\\\/person\\\/a2c8af4a7a0db90b33c506e759813340\"},\"headline\":\"Ausbildung ist ein wichtiger Faktor gegen den Fachkr\u00e4ftemangel\",\"datePublished\":\"2022-01-13T12:00:00+00:00\",\"dateModified\":\"2025-06-18T06:03:43+00:00\",\"mainEntityOfPage\":{\"@id\":\"https:\\\/\\\/www.easysoft.de\\\/blog\\\/demografiemanagement-ist-ein-wichtiger-faktor-im-fachkraeftemangel\\\/\"},\"wordCount\":312,\"commentCount\":1,\"image\":{\"@id\":\"https:\\\/\\\/www.easysoft.de\\\/blog\\\/demografiemanagement-ist-ein-wichtiger-faktor-im-fachkraeftemangel\\\/#primaryimage\"},\"thumbnailUrl\":\"https:\\\/\\\/www.easysoft.de\\\/blog\\\/wp-content\\\/uploads\\\/2015\\\/12\\\/pexels-photo-large.jpeg\",\"keywords\":[\"Fachkr\u00e4ftemangel\"],\"articleSection\":[\"Alle Beitr\u00e4ge\",\"Ausbildung\"],\"inLanguage\":\"de\",\"potentialAction\":[{\"@type\":\"CommentAction\",\"name\":\"Comment\",\"target\":[\"https:\\\/\\\/www.easysoft.de\\\/blog\\\/demografiemanagement-ist-ein-wichtiger-faktor-im-fachkraeftemangel\\\/#respond\"]}]},{\"@type\":\"WebPage\",\"@id\":\"https:\\\/\\\/www.easysoft.de\\\/blog\\\/demografiemanagement-ist-ein-wichtiger-faktor-im-fachkraeftemangel\\\/\",\"url\":\"https:\\\/\\\/www.easysoft.de\\\/blog\\\/demografiemanagement-ist-ein-wichtiger-faktor-im-fachkraeftemangel\\\/\",\"name\":\"Ausbildung ist ein wichtiger Faktor gegen den Fachkr\u00e4ftemangel - Der easySoft-Blog\",\"isPartOf\":{\"@id\":\"https:\\\/\\\/www.easysoft.de\\\/blog\\\/#website\"},\"primaryImageOfPage\":{\"@id\":\"https:\\\/\\\/www.easysoft.de\\\/blog\\\/demografiemanagement-ist-ein-wichtiger-faktor-im-fachkraeftemangel\\\/#primaryimage\"},\"image\":{\"@id\":\"https:\\\/\\\/www.easysoft.de\\\/blog\\\/demografiemanagement-ist-ein-wichtiger-faktor-im-fachkraeftemangel\\\/#primaryimage\"},\"thumbnailUrl\":\"https:\\\/\\\/www.easysoft.de\\\/blog\\\/wp-content\\\/uploads\\\/2015\\\/12\\\/pexels-photo-large.jpeg\",\"datePublished\":\"2022-01-13T12:00:00+00:00\",\"dateModified\":\"2025-06-18T06:03:43+00:00\",\"author\":{\"@id\":\"https:\\\/\\\/www.easysoft.de\\\/blog\\\/#\\\/schema\\\/person\\\/a2c8af4a7a0db90b33c506e759813340\"},\"breadcrumb\":{\"@id\":\"https:\\\/\\\/www.easysoft.de\\\/blog\\\/demografiemanagement-ist-ein-wichtiger-faktor-im-fachkraeftemangel\\\/#breadcrumb\"},\"inLanguage\":\"de\",\"potentialAction\":[{\"@type\":\"ReadAction\",\"target\":[\"https:\\\/\\\/www.easysoft.de\\\/blog\\\/demografiemanagement-ist-ein-wichtiger-faktor-im-fachkraeftemangel\\\/\"]}]},{\"@type\":\"ImageObject\",\"inLanguage\":\"de\",\"@id\":\"https:\\\/\\\/www.easysoft.de\\\/blog\\\/demografiemanagement-ist-ein-wichtiger-faktor-im-fachkraeftemangel\\\/#primaryimage\",\"url\":\"https:\\\/\\\/www.easysoft.de\\\/blog\\\/wp-content\\\/uploads\\\/2015\\\/12\\\/pexels-photo-large.jpeg\",\"contentUrl\":\"https:\\\/\\\/www.easysoft.de\\\/blog\\\/wp-content\\\/uploads\\\/2015\\\/12\\\/pexels-photo-large.jpeg\",\"width\":825,\"height\":550},{\"@type\":\"BreadcrumbList\",\"@id\":\"https:\\\/\\\/www.easysoft.de\\\/blog\\\/demografiemanagement-ist-ein-wichtiger-faktor-im-fachkraeftemangel\\\/#breadcrumb\",\"itemListElement\":[{\"@type\":\"ListItem\",\"position\":1,\"name\":\"Home\",\"item\":\"https:\\\/\\\/www.easysoft.de\\\/blog\\\/\"},{\"@type\":\"ListItem\",\"position\":2,\"name\":\"Ausbildung ist ein wichtiger Faktor gegen den Fachkr\u00e4ftemangel\"}]},{\"@type\":\"WebSite\",\"@id\":\"https:\\\/\\\/www.easysoft.de\\\/blog\\\/#website\",\"url\":\"https:\\\/\\\/www.easysoft.de\\\/blog\\\/\",\"name\":\"Der easySoft-Blog\",\"description\":\"Neues zu Ausbildung, Fortbildung und Personalentwicklung im Gesundheitswesen\",\"potentialAction\":[{\"@type\":\"SearchAction\",\"target\":{\"@type\":\"EntryPoint\",\"urlTemplate\":\"https:\\\/\\\/www.easysoft.de\\\/blog\\\/?s={search_term_string}\"},\"query-input\":{\"@type\":\"PropertyValueSpecification\",\"valueRequired\":true,\"valueName\":\"search_term_string\"}}],\"inLanguage\":\"de\"},{\"@type\":\"Person\",\"@id\":\"https:\\\/\\\/www.easysoft.de\\\/blog\\\/#\\\/schema\\\/person\\\/a2c8af4a7a0db90b33c506e759813340\",\"name\":\"Andreas Nau\",\"image\":{\"@type\":\"ImageObject\",\"inLanguage\":\"de\",\"@id\":\"https:\\\/\\\/secure.gravatar.com\\\/avatar\\\/5eac37205dd0f7a90815ed1c56cf56b73b313254137286cc78921debd3435106?s=96&d=mm&r=g\",\"url\":\"https:\\\/\\\/secure.gravatar.com\\\/avatar\\\/5eac37205dd0f7a90815ed1c56cf56b73b313254137286cc78921debd3435106?s=96&d=mm&r=g\",\"contentUrl\":\"https:\\\/\\\/secure.gravatar.com\\\/avatar\\\/5eac37205dd0f7a90815ed1c56cf56b73b313254137286cc78921debd3435106?s=96&d=mm&r=g\",\"caption\":\"Andreas Nau\"},\"description\":\"1994 hatte der Lehrer f\u00fcr Pflegeberufe und stellv. Schulleiter Andreas Nau genug von endlosen Papierlisten f\u00fcr die Ausbildungsplanung seiner Pflegekr\u00e4fte. Kurzerhand entwickelte er eine digitale L\u00f6sung, die ihm die Arbeit erleichterte \u2013 easySoft war geboren. Sein Ziel: Weniger Verwaltung, mehr Zeit f\u00fcr die Menschen, um die es wirklich geht.\",\"sameAs\":[\"https:\\\/\\\/www.easysoft.de\\\/blog\\\/wp-content\\\/uploads\\\/Nau_Andreas.jpg\"],\"url\":\"https:\\\/\\\/www.easysoft.de\\\/blog\\\/author\\\/andreas-nau\\\/\"}]}<\/script>\n<!-- \/ Yoast SEO plugin. -->","yoast_head_json":{"title":"Ausbildung ist ein wichtiger Faktor gegen den Fachkr\u00e4ftemangel - Der easySoft-Blog","robots":{"index":"index","follow":"follow","max-snippet":"max-snippet:-1","max-image-preview":"max-image-preview:large","max-video-preview":"max-video-preview:-1"},"canonical":"https:\/\/www.easysoft.de\/blog\/demografiemanagement-ist-ein-wichtiger-faktor-im-fachkraeftemangel\/","og_locale":"de_DE","og_type":"article","og_title":"Ausbildung ist ein wichtiger Faktor gegen den Fachkr\u00e4ftemangel - Der easySoft-Blog","og_description":"An Fachkr\u00e4ften mangelt es inzwischen jeden vierten deutschen Unternehmen. Gleichzeitig schwindet durch den demographischen Wandel auch die Anzahl der Nachwuchskr\u00e4fte, die neu auf den Arbeitsmarkt (...)","og_url":"https:\/\/www.easysoft.de\/blog\/demografiemanagement-ist-ein-wichtiger-faktor-im-fachkraeftemangel\/","og_site_name":"Der easySoft-Blog","article_published_time":"2022-01-13T12:00:00+00:00","article_modified_time":"2025-06-18T06:03:43+00:00","og_image":[{"width":825,"height":550,"url":"https:\/\/www.easysoft.de\/blog\/wp-content\/uploads\/2015\/12\/pexels-photo-large.jpeg","type":"image\/jpeg"}],"author":"Andreas Nau","twitter_card":"summary_large_image","twitter_misc":{"Verfasst von":"Andreas Nau","Gesch\u00e4tzte Lesezeit":"3\u00a0Minuten"},"schema":{"@context":"https:\/\/schema.org","@graph":[{"@type":"Article","@id":"https:\/\/www.easysoft.de\/blog\/demografiemanagement-ist-ein-wichtiger-faktor-im-fachkraeftemangel\/#article","isPartOf":{"@id":"https:\/\/www.easysoft.de\/blog\/demografiemanagement-ist-ein-wichtiger-faktor-im-fachkraeftemangel\/"},"author":{"name":"Andreas Nau","@id":"https:\/\/www.easysoft.de\/blog\/#\/schema\/person\/a2c8af4a7a0db90b33c506e759813340"},"headline":"Ausbildung ist ein wichtiger Faktor gegen den Fachkr\u00e4ftemangel","datePublished":"2022-01-13T12:00:00+00:00","dateModified":"2025-06-18T06:03:43+00:00","mainEntityOfPage":{"@id":"https:\/\/www.easysoft.de\/blog\/demografiemanagement-ist-ein-wichtiger-faktor-im-fachkraeftemangel\/"},"wordCount":312,"commentCount":1,"image":{"@id":"https:\/\/www.easysoft.de\/blog\/demografiemanagement-ist-ein-wichtiger-faktor-im-fachkraeftemangel\/#primaryimage"},"thumbnailUrl":"https:\/\/www.easysoft.de\/blog\/wp-content\/uploads\/2015\/12\/pexels-photo-large.jpeg","keywords":["Fachkr\u00e4ftemangel"],"articleSection":["Alle Beitr\u00e4ge","Ausbildung"],"inLanguage":"de","potentialAction":[{"@type":"CommentAction","name":"Comment","target":["https:\/\/www.easysoft.de\/blog\/demografiemanagement-ist-ein-wichtiger-faktor-im-fachkraeftemangel\/#respond"]}]},{"@type":"WebPage","@id":"https:\/\/www.easysoft.de\/blog\/demografiemanagement-ist-ein-wichtiger-faktor-im-fachkraeftemangel\/","url":"https:\/\/www.easysoft.de\/blog\/demografiemanagement-ist-ein-wichtiger-faktor-im-fachkraeftemangel\/","name":"Ausbildung ist ein wichtiger Faktor gegen den Fachkr\u00e4ftemangel - Der easySoft-Blog","isPartOf":{"@id":"https:\/\/www.easysoft.de\/blog\/#website"},"primaryImageOfPage":{"@id":"https:\/\/www.easysoft.de\/blog\/demografiemanagement-ist-ein-wichtiger-faktor-im-fachkraeftemangel\/#primaryimage"},"image":{"@id":"https:\/\/www.easysoft.de\/blog\/demografiemanagement-ist-ein-wichtiger-faktor-im-fachkraeftemangel\/#primaryimage"},"thumbnailUrl":"https:\/\/www.easysoft.de\/blog\/wp-content\/uploads\/2015\/12\/pexels-photo-large.jpeg","datePublished":"2022-01-13T12:00:00+00:00","dateModified":"2025-06-18T06:03:43+00:00","author":{"@id":"https:\/\/www.easysoft.de\/blog\/#\/schema\/person\/a2c8af4a7a0db90b33c506e759813340"},"breadcrumb":{"@id":"https:\/\/www.easysoft.de\/blog\/demografiemanagement-ist-ein-wichtiger-faktor-im-fachkraeftemangel\/#breadcrumb"},"inLanguage":"de","potentialAction":[{"@type":"ReadAction","target":["https:\/\/www.easysoft.de\/blog\/demografiemanagement-ist-ein-wichtiger-faktor-im-fachkraeftemangel\/"]}]},{"@type":"ImageObject","inLanguage":"de","@id":"https:\/\/www.easysoft.de\/blog\/demografiemanagement-ist-ein-wichtiger-faktor-im-fachkraeftemangel\/#primaryimage","url":"https:\/\/www.easysoft.de\/blog\/wp-content\/uploads\/2015\/12\/pexels-photo-large.jpeg","contentUrl":"https:\/\/www.easysoft.de\/blog\/wp-content\/uploads\/2015\/12\/pexels-photo-large.jpeg","width":825,"height":550},{"@type":"BreadcrumbList","@id":"https:\/\/www.easysoft.de\/blog\/demografiemanagement-ist-ein-wichtiger-faktor-im-fachkraeftemangel\/#breadcrumb","itemListElement":[{"@type":"ListItem","position":1,"name":"Home","item":"https:\/\/www.easysoft.de\/blog\/"},{"@type":"ListItem","position":2,"name":"Ausbildung ist ein wichtiger Faktor gegen den Fachkr\u00e4ftemangel"}]},{"@type":"WebSite","@id":"https:\/\/www.easysoft.de\/blog\/#website","url":"https:\/\/www.easysoft.de\/blog\/","name":"Der easySoft-Blog","description":"Neues zu Ausbildung, Fortbildung und Personalentwicklung im Gesundheitswesen","potentialAction":[{"@type":"SearchAction","target":{"@type":"EntryPoint","urlTemplate":"https:\/\/www.easysoft.de\/blog\/?s={search_term_string}"},"query-input":{"@type":"PropertyValueSpecification","valueRequired":true,"valueName":"search_term_string"}}],"inLanguage":"de"},{"@type":"Person","@id":"https:\/\/www.easysoft.de\/blog\/#\/schema\/person\/a2c8af4a7a0db90b33c506e759813340","name":"Andreas Nau","image":{"@type":"ImageObject","inLanguage":"de","@id":"https:\/\/secure.gravatar.com\/avatar\/5eac37205dd0f7a90815ed1c56cf56b73b313254137286cc78921debd3435106?s=96&d=mm&r=g","url":"https:\/\/secure.gravatar.com\/avatar\/5eac37205dd0f7a90815ed1c56cf56b73b313254137286cc78921debd3435106?s=96&d=mm&r=g","contentUrl":"https:\/\/secure.gravatar.com\/avatar\/5eac37205dd0f7a90815ed1c56cf56b73b313254137286cc78921debd3435106?s=96&d=mm&r=g","caption":"Andreas Nau"},"description":"1994 hatte der Lehrer f\u00fcr Pflegeberufe und stellv. Schulleiter Andreas Nau genug von endlosen Papierlisten f\u00fcr die Ausbildungsplanung seiner Pflegekr\u00e4fte. Kurzerhand entwickelte er eine digitale L\u00f6sung, die ihm die Arbeit erleichterte \u2013 easySoft war geboren. Sein Ziel: Weniger Verwaltung, mehr Zeit f\u00fcr die Menschen, um die es wirklich geht.","sameAs":["https:\/\/www.easysoft.de\/blog\/wp-content\/uploads\/Nau_Andreas.jpg"],"url":"https:\/\/www.easysoft.de\/blog\/author\/andreas-nau\/"}]}},"_links":{"self":[{"href":"https:\/\/www.easysoft.de\/blog\/wp-json\/wp\/v2\/posts\/440","targetHints":{"allow":["GET"]}}],"collection":[{"href":"https:\/\/www.easysoft.de\/blog\/wp-json\/wp\/v2\/posts"}],"about":[{"href":"https:\/\/www.easysoft.de\/blog\/wp-json\/wp\/v2\/types\/post"}],"author":[{"embeddable":true,"href":"https:\/\/www.easysoft.de\/blog\/wp-json\/wp\/v2\/users\/4"}],"replies":[{"embeddable":true,"href":"https:\/\/www.easysoft.de\/blog\/wp-json\/wp\/v2\/comments?post=440"}],"version-history":[{"count":6,"href":"https:\/\/www.easysoft.de\/blog\/wp-json\/wp\/v2\/posts\/440\/revisions"}],"predecessor-version":[{"id":2860,"href":"https:\/\/www.easysoft.de\/blog\/wp-json\/wp\/v2\/posts\/440\/revisions\/2860"}],"wp:featuredmedia":[{"embeddable":true,"href":"https:\/\/www.easysoft.de\/blog\/wp-json\/wp\/v2\/media\/441"}],"wp:attachment":[{"href":"https:\/\/www.easysoft.de\/blog\/wp-json\/wp\/v2\/media?parent=440"}],"wp:term":[{"taxonomy":"category","embeddable":true,"href":"https:\/\/www.easysoft.de\/blog\/wp-json\/wp\/v2\/categories?post=440"},{"taxonomy":"post_tag","embeddable":true,"href":"https:\/\/www.easysoft.de\/blog\/wp-json\/wp\/v2\/tags?post=440"}],"curies":[{"name":"wp","href":"https:\/\/api.w.org\/{rel}","templated":true}]}}