{"id":2519,"date":"2022-08-31T10:37:58","date_gmt":"2022-08-31T08:37:58","guid":{"rendered":"https:\/\/www.easysoft.de\/blog\/?p=2519"},"modified":"2023-07-20T07:44:53","modified_gmt":"2023-07-20T05:44:53","slug":"mta-gesetz-im-ueberblick","status":"publish","type":"post","link":"https:\/\/www.easysoft.de\/blog\/mta-gesetz-im-ueberblick\/","title":{"rendered":"MTA-Gesetz: Welche \u00c4nderungen kommen auf Schulen zu?"},"content":{"rendered":"\n<p><strong>Im Rahmen des \u201eGesamtkonzepts Gesundheitsfachberufe\u201c strebt das Bundesgesundheitsministerium eine Aufwertung der Gesundheitsfachberufe an. Dazu geh\u00f6rt jetzt die Reform der medizinisch-technischen Ausbildungen, die zum 1. Januar 2023 in Kraft tritt. Dann \u00e4ndern sich neben dem Rahmenlehrplan auch die einzelnen Berufsbezeichnungen.<\/strong><\/p>\n\n\n\n<!--more-->\n\n\n\n<h2 class=\"wp-block-heading\">Aufwertung des Berufsstands angestrebt<\/h2>\n\n\n\n<p>Nachdem die <a href=\"https:\/\/www.easysoft.de\/blog\/ata-ota-gesetz-was-aendert-sich\/\" target=\"_blank\" rel=\"noreferrer noopener\">ATA-\/OTA-Ausbildung<\/a> (An\u00e4sthesietechnische Assistenz \/ Operationstechnische Assistenz) bereits reformiert ist, folgen jetzt die medizinisch-technischen Ausbildungen. Das Ziel: Eine Aufwertung der Ausbildung, die mehr junge Menschen f\u00fcr den Berufsstand begeistern soll.<\/p>\n\n\n\n<p>Das soll sich bereits im Namen widerspiegeln, deshalb entf\u00e4llt der Zusatz \u201eAssistent\u201c bzw. \u201eAssistentin\u201c k\u00fcnftig. Aus der medizinisch-technischen Radiologieassistentin wird also die Medizinische Technologin f\u00fcr Radiologie. Gleiches gilt f\u00fcr die \u00fcbrigen MT-Berufe:<\/p>\n\n\n\n<ul class=\"wp-block-list\">\n<li>Medizinisch-technischer Assistent f\u00fcr Laboratoriumsanalytik (MTAL) <br>&#8211;&gt; Medizinischer Technologe f\u00fcr Laboratoriumsanalytik (MTL)<br><\/li>\n\n\n\n<li>Medizinisch-technische Assistentin f\u00fcr Funktionsdiagnostik (MTAL) <br>&#8211;&gt; Medizinische Technologin f\u00fcr Funktionsdiagnostik (MTF)<br><\/li>\n\n\n\n<li>Medizinisch-technischer Radiologieassistent (MTAR) <br>&#8211;&gt; Medizinischer Technologe f\u00fcr Radiologie (MTR)<\/li>\n<\/ul>\n\n\n\n<h2 class=\"wp-block-heading\">Angemessene Verg\u00fctung statt Schulgeld<\/h2>\n\n\n\n<p>Auch finanziell soll sich f\u00fcr Auszubildende des Berufszweiges einiges zum Besseren wenden. Statt des bisher zu entrichtenden Schulgelds ist eine angemessene Ausbildungsverg\u00fctung verpflichtend. \u201eDamit wollen wir noch mehr junge Menschen motivieren, sich f\u00fcr einen der wichtigen Berufe in der Gesundheitsversorgung zu entscheiden\u201c, begr\u00fcndet Jens Spahn, zum Zeitpunkt des <a href=\"https:\/\/www.bundesgesundheitsministerium.de\/mta-reformgesetz.html\" target=\"_blank\" rel=\"noreferrer noopener\">Gesetzbeschlusses<\/a> Bundesgesundheitsminister, den Schritt.<\/p>\n\n\n\n<figure class=\"wp-block-image size-large\"><img loading=\"lazy\" decoding=\"async\" width=\"1024\" height=\"536\" src=\"https:\/\/www.easysoft.de\/blog\/wp-content\/uploads\/Blog_MTB_Reform-1-1024x536.jpg\" alt=\"Zitat von Bundesgesundheitsminister a. D. Jens Spahn: &quot;Mit dem MT-Gesetz wollen wir noch mehr junge Menschen motivieren, sich f\u00fcr einen der wichtigen Berufe in der Gesundheitsversorgung zu entscheiden.&quot;\" class=\"wp-image-2525\" srcset=\"https:\/\/www.easysoft.de\/blog\/wp-content\/uploads\/Blog_MTB_Reform-1-1024x536.jpg 1024w, https:\/\/www.easysoft.de\/blog\/wp-content\/uploads\/Blog_MTB_Reform-1-300x157.jpg 300w, https:\/\/www.easysoft.de\/blog\/wp-content\/uploads\/Blog_MTB_Reform-1-1536x804.jpg 1536w, https:\/\/www.easysoft.de\/blog\/wp-content\/uploads\/Blog_MTB_Reform-1-2048x1072.jpg 2048w, https:\/\/www.easysoft.de\/blog\/wp-content\/uploads\/Blog_MTB_Reform-1-676x354.jpg 676w\" sizes=\"auto, (max-width: 1024px) 100vw, 1024px\" \/><\/figure>\n\n\n\n<h2 class=\"wp-block-heading\">Anpassungen im Rahmenlehrplan<\/h2>\n\n\n\n<p>Um die Nachwuchskr\u00e4fte optimal an die heutigen Herausforderungen ihrer sp\u00e4teren Aufgaben vorzubereiten, gibt es einen neuen Rahmenlehrplan. Das dort festgelegte Ausbildungsziel wird modernisiert, mehr auf den entsprechenden Fachbereich spezialisiert und kompetenzorientiert ausgestaltet. Wer sich den Rahmenlehrplan im Detail ansehen m\u00f6chte, findet ihn auf der Webseite des Dachverbands der Technologen und Analytiker in der Medizin <a href=\"https:\/\/dvta.de\/sites\/default\/files\/MTB_Rahmenlehrplan_2022_online_final.pdf\" target=\"_blank\" rel=\"noreferrer noopener\">zum Download<\/a>.<\/p>\n\n\n\n<p>Mehr Fokus liegt au\u00dferdem auf der praktischen Ausbildung. Pro Auszubildenden werden in den drei Ausbildungsjahren mindestens 2.000 Praxisstunden f\u00e4llig, von denen mindestens 15% von einem fachlich qualifizierten Praxisanleiter begleitet werden m\u00fcssen.<\/p>\n\n\n\n<h2 class=\"wp-block-heading\">Das \u00e4ndert sich \u2013 Die MTA-Reform im \u00dcberblick<\/h2>\n\n\n\n<ul class=\"wp-block-list\">\n<li>\u00c4nderung der Berufsbezeichnungen (Zusatz \u201eAssistent\u201c entf\u00e4llt)<\/li>\n\n\n\n<li>Abschaffung des Schulgelds<\/li>\n\n\n\n<li>Verpflichtende Ausbildungsverg\u00fctung<\/li>\n\n\n\n<li>Anpassung und Modernisierung der Ausbildungsziele (<a href=\"https:\/\/dvta.de\/rahmenlehrpl-ne-f-r-humanmedizinische-mt-berufe-liegen-vor\" target=\"_blank\" rel=\"noreferrer noopener\">zum aktualisieren Rahmenlehrplan<\/a>)<\/li>\n\n\n\n<li>Ausweitung der praktischen Ausbildung (min 2.000 Praxisstunden pro Azubi, min. 15 % davon mit Praxisanleitung)<\/li>\n<\/ul>\n\n\n\n<h2 class=\"wp-block-heading\">Wir unterst\u00fctzen bei der Umsetzung des MTA-Gesetz<\/h2>\n\n\n\n<figure class=\"wp-block-image size-large\"><a href=\"https:\/\/www.easysoft.de\/ausbildungsmanagement?utm_source=blog&amp;utm_medium=banner\" target=\"_blank\" rel=\"noreferrer noopener\"><img loading=\"lazy\" decoding=\"async\" width=\"1024\" height=\"256\" src=\"https:\/\/www.easysoft.de\/blog\/wp-content\/uploads\/easySoft-Blog-Ausbildungen-GW-Banner-II-1024x256.jpg\" alt=\"Eine Praxisanleiterin gibt ihr Wissen an Pflegesch\u00fcler weiter\" class=\"wp-image-2642\" srcset=\"https:\/\/www.easysoft.de\/blog\/wp-content\/uploads\/easySoft-Blog-Ausbildungen-GW-Banner-II-1024x256.jpg 1024w, https:\/\/www.easysoft.de\/blog\/wp-content\/uploads\/easySoft-Blog-Ausbildungen-GW-Banner-II-300x75.jpg 300w, https:\/\/www.easysoft.de\/blog\/wp-content\/uploads\/easySoft-Blog-Ausbildungen-GW-Banner-II-1536x384.jpg 1536w, https:\/\/www.easysoft.de\/blog\/wp-content\/uploads\/easySoft-Blog-Ausbildungen-GW-Banner-II-2048x512.jpg 2048w, https:\/\/www.easysoft.de\/blog\/wp-content\/uploads\/easySoft-Blog-Ausbildungen-GW-Banner-II-676x169.jpg 676w\" sizes=\"auto, (max-width: 1024px) 100vw, 1024px\" \/><\/a><\/figure>\n\n\n\n<p>F\u00fcr unsere L\u00f6sung f\u00fcr das <a href=\"https:\/\/www.easysoft.de\/ausbildungsmanagement\" target=\"_blank\" rel=\"noreferrer noopener\">Ausbildungsmanagement<\/a> stellen wir Ihnen pro Ausbildungsgang den Rahmenlehrplan zur Verf\u00fcgung. Dieser l\u00e4sst sich direkt in unser Programm importieren und unterst\u00fctzt sie bei der Ausbildungsplanung.<\/p>\n\n\n\n<p>Schulen, die easySoft bereits einsetzen, finden diese Dateien im <a href=\"https:\/\/portal.easysoft.de\/page\/home\" target=\"_blank\" rel=\"noreferrer noopener\">Kundenportal<\/a> unter dem Punkt \u201eLehrpl\u00e4ne\/Curricula\u201c.<\/p>\n","protected":false},"excerpt":{"rendered":"<p>Im Rahmen des \u201eGesamtkonzepts Gesundheitsfachberufe\u201c strebt das Bundesgesundheitsministerium eine Aufwertung der Gesundheitsfachberufe an. Dazu geh\u00f6rt jetzt die Reform der medizinisch-technischen Ausbildungen, die zum 1. Januar (&#8230;)<\/p>\n","protected":false},"author":16,"featured_media":2522,"comment_status":"open","ping_status":"closed","sticky":false,"template":"","format":"standard","meta":{"_acf_changed":false,"footnotes":""},"categories":[273,240],"tags":[270,272,269],"class_list":["post-2519","post","type-post","status-publish","format-standard","has-post-thumbnail","hentry","category-alle","category-ausbildungsmanagement","tag-ausbildung-in-der-pflege","tag-gesetzliche-vorgaben","tag-gesundheitswesen"],"acf":[],"yoast_head":"<!-- This site is optimized with the Yoast SEO plugin v27.5 - https:\/\/yoast.com\/product\/yoast-seo-wordpress\/ -->\n<title>MTA-Gesetz: Welche \u00c4nderungen kommen auf Schulen zu?<\/title>\n<meta name=\"description\" content=\"Ab dem 1. Januar 2023 ist das MTA-Gesetz in Kraft. Welche \u00c4nderungen auf Schulen zukommen, erfahren Sie hier.\" \/>\n<meta name=\"robots\" content=\"index, follow, max-snippet:-1, max-image-preview:large, max-video-preview:-1\" \/>\n<link rel=\"canonical\" href=\"https:\/\/www.easysoft.de\/blog\/mta-gesetz-im-ueberblick\/\" \/>\n<meta property=\"og:locale\" content=\"de_DE\" \/>\n<meta property=\"og:type\" content=\"article\" \/>\n<meta property=\"og:title\" content=\"MTA-Gesetz: Welche \u00c4nderungen kommen auf Schulen zu?\" \/>\n<meta property=\"og:description\" content=\"Ab dem 1. Januar 2023 ist das MTA-Gesetz in Kraft. Welche \u00c4nderungen auf Schulen zukommen, erfahren Sie hier.\" \/>\n<meta property=\"og:url\" content=\"https:\/\/www.easysoft.de\/blog\/mta-gesetz-im-ueberblick\/\" \/>\n<meta property=\"og:site_name\" content=\"Der easySoft-Blog\" \/>\n<meta property=\"article:published_time\" content=\"2022-08-31T08:37:58+00:00\" \/>\n<meta property=\"article:modified_time\" content=\"2023-07-20T05:44:53+00:00\" \/>\n<meta property=\"og:image\" content=\"https:\/\/www.easysoft.de\/blog\/wp-content\/uploads\/Blog_MTB_Reform-1.jpg\" \/>\n\t<meta property=\"og:image:width\" content=\"2256\" \/>\n\t<meta property=\"og:image:height\" content=\"1181\" \/>\n\t<meta property=\"og:image:type\" content=\"image\/jpeg\" \/>\n<meta name=\"author\" content=\"Michael J\u00fcrgens\" \/>\n<meta name=\"twitter:card\" content=\"summary_large_image\" \/>\n<meta name=\"twitter:image\" content=\"https:\/\/www.easysoft.de\/blog\/wp-content\/uploads\/Blog_MTB_Reform-1.jpg\" \/>\n<meta name=\"twitter:label1\" content=\"Verfasst von\" \/>\n\t<meta name=\"twitter:data1\" content=\"Michael J\u00fcrgens\" \/>\n\t<meta name=\"twitter:label2\" content=\"Gesch\u00e4tzte Lesezeit\" \/>\n\t<meta name=\"twitter:data2\" content=\"3\u00a0Minuten\" \/>\n<script type=\"application\/ld+json\" class=\"yoast-schema-graph\">{\"@context\":\"https:\\\/\\\/schema.org\",\"@graph\":[{\"@type\":\"Article\",\"@id\":\"https:\\\/\\\/www.easysoft.de\\\/blog\\\/mta-gesetz-im-ueberblick\\\/#article\",\"isPartOf\":{\"@id\":\"https:\\\/\\\/www.easysoft.de\\\/blog\\\/mta-gesetz-im-ueberblick\\\/\"},\"author\":{\"name\":\"Michael J\u00fcrgens\",\"@id\":\"https:\\\/\\\/www.easysoft.de\\\/blog\\\/#\\\/schema\\\/person\\\/24fa5d79c94832ebf55292bef3e1400d\"},\"headline\":\"MTA-Gesetz: Welche \u00c4nderungen kommen auf Schulen zu?\",\"datePublished\":\"2022-08-31T08:37:58+00:00\",\"dateModified\":\"2023-07-20T05:44:53+00:00\",\"mainEntityOfPage\":{\"@id\":\"https:\\\/\\\/www.easysoft.de\\\/blog\\\/mta-gesetz-im-ueberblick\\\/\"},\"wordCount\":411,\"commentCount\":0,\"image\":{\"@id\":\"https:\\\/\\\/www.easysoft.de\\\/blog\\\/mta-gesetz-im-ueberblick\\\/#primaryimage\"},\"thumbnailUrl\":\"https:\\\/\\\/www.easysoft.de\\\/blog\\\/wp-content\\\/uploads\\\/MTA_Reform.jpg\",\"keywords\":[\"Ausbildung in der Pflege\",\"Gesetzliche Vorgaben\",\"Gesundheitswesen\"],\"articleSection\":[\"Alle Beitr\u00e4ge\",\"Ausbildung\"],\"inLanguage\":\"de\",\"potentialAction\":[{\"@type\":\"CommentAction\",\"name\":\"Comment\",\"target\":[\"https:\\\/\\\/www.easysoft.de\\\/blog\\\/mta-gesetz-im-ueberblick\\\/#respond\"]}]},{\"@type\":\"WebPage\",\"@id\":\"https:\\\/\\\/www.easysoft.de\\\/blog\\\/mta-gesetz-im-ueberblick\\\/\",\"url\":\"https:\\\/\\\/www.easysoft.de\\\/blog\\\/mta-gesetz-im-ueberblick\\\/\",\"name\":\"MTA-Gesetz: Welche \u00c4nderungen kommen auf Schulen zu?\",\"isPartOf\":{\"@id\":\"https:\\\/\\\/www.easysoft.de\\\/blog\\\/#website\"},\"primaryImageOfPage\":{\"@id\":\"https:\\\/\\\/www.easysoft.de\\\/blog\\\/mta-gesetz-im-ueberblick\\\/#primaryimage\"},\"image\":{\"@id\":\"https:\\\/\\\/www.easysoft.de\\\/blog\\\/mta-gesetz-im-ueberblick\\\/#primaryimage\"},\"thumbnailUrl\":\"https:\\\/\\\/www.easysoft.de\\\/blog\\\/wp-content\\\/uploads\\\/MTA_Reform.jpg\",\"datePublished\":\"2022-08-31T08:37:58+00:00\",\"dateModified\":\"2023-07-20T05:44:53+00:00\",\"author\":{\"@id\":\"https:\\\/\\\/www.easysoft.de\\\/blog\\\/#\\\/schema\\\/person\\\/24fa5d79c94832ebf55292bef3e1400d\"},\"description\":\"Ab dem 1. Januar 2023 ist das MTA-Gesetz in Kraft. Welche \u00c4nderungen auf Schulen zukommen, erfahren Sie hier.\",\"breadcrumb\":{\"@id\":\"https:\\\/\\\/www.easysoft.de\\\/blog\\\/mta-gesetz-im-ueberblick\\\/#breadcrumb\"},\"inLanguage\":\"de\",\"potentialAction\":[{\"@type\":\"ReadAction\",\"target\":[\"https:\\\/\\\/www.easysoft.de\\\/blog\\\/mta-gesetz-im-ueberblick\\\/\"]}]},{\"@type\":\"ImageObject\",\"inLanguage\":\"de\",\"@id\":\"https:\\\/\\\/www.easysoft.de\\\/blog\\\/mta-gesetz-im-ueberblick\\\/#primaryimage\",\"url\":\"https:\\\/\\\/www.easysoft.de\\\/blog\\\/wp-content\\\/uploads\\\/MTA_Reform.jpg\",\"contentUrl\":\"https:\\\/\\\/www.easysoft.de\\\/blog\\\/wp-content\\\/uploads\\\/MTA_Reform.jpg\",\"width\":1400,\"height\":933,\"caption\":\"Medizinische Technologin f\u00fcr Radiologie betreut Seniorin beim MRT\"},{\"@type\":\"BreadcrumbList\",\"@id\":\"https:\\\/\\\/www.easysoft.de\\\/blog\\\/mta-gesetz-im-ueberblick\\\/#breadcrumb\",\"itemListElement\":[{\"@type\":\"ListItem\",\"position\":1,\"name\":\"Home\",\"item\":\"https:\\\/\\\/www.easysoft.de\\\/blog\\\/\"},{\"@type\":\"ListItem\",\"position\":2,\"name\":\"MTA-Gesetz: Welche \u00c4nderungen kommen auf Schulen zu?\"}]},{\"@type\":\"WebSite\",\"@id\":\"https:\\\/\\\/www.easysoft.de\\\/blog\\\/#website\",\"url\":\"https:\\\/\\\/www.easysoft.de\\\/blog\\\/\",\"name\":\"Der easySoft-Blog\",\"description\":\"Neues zu Ausbildung, Fortbildung und Personalentwicklung im Gesundheitswesen\",\"potentialAction\":[{\"@type\":\"SearchAction\",\"target\":{\"@type\":\"EntryPoint\",\"urlTemplate\":\"https:\\\/\\\/www.easysoft.de\\\/blog\\\/?s={search_term_string}\"},\"query-input\":{\"@type\":\"PropertyValueSpecification\",\"valueRequired\":true,\"valueName\":\"search_term_string\"}}],\"inLanguage\":\"de\"},{\"@type\":\"Person\",\"@id\":\"https:\\\/\\\/www.easysoft.de\\\/blog\\\/#\\\/schema\\\/person\\\/24fa5d79c94832ebf55292bef3e1400d\",\"name\":\"Michael J\u00fcrgens\",\"image\":{\"@type\":\"ImageObject\",\"inLanguage\":\"de\",\"@id\":\"https:\\\/\\\/secure.gravatar.com\\\/avatar\\\/418f48dafb711d2001d06f7058780ea0a72ceab0ff53583533b6118ad3ca1ba7?s=96&d=mm&r=g\",\"url\":\"https:\\\/\\\/secure.gravatar.com\\\/avatar\\\/418f48dafb711d2001d06f7058780ea0a72ceab0ff53583533b6118ad3ca1ba7?s=96&d=mm&r=g\",\"contentUrl\":\"https:\\\/\\\/secure.gravatar.com\\\/avatar\\\/418f48dafb711d2001d06f7058780ea0a72ceab0ff53583533b6118ad3ca1ba7?s=96&d=mm&r=g\",\"caption\":\"Michael J\u00fcrgens\"},\"description\":\"Wenn es um die Pflege geht, kann Michael J\u00fcrgens aus eigener Erfahrung sprechen: Als Lehrer f\u00fcr Pflegeberufe im Bereich OTA war er jahrelang an verschiedenen Schulen t\u00e4tig. Seit inzwischen 14 Jahren gibt er f\u00fcr easySoft dieses Wissen an Einrichtungen und Unternehmen als Senior Berater \\\/ Trainer weiter.\",\"sameAs\":[\"https:\\\/\\\/www.easysoft.de\\\/blog\\\/wp-content\\\/uploads\\\/Juergens_Michael-1.jpg\"],\"url\":\"https:\\\/\\\/www.easysoft.de\\\/blog\\\/author\\\/michaeljuergens\\\/\"}]}<\/script>\n<!-- \/ Yoast SEO plugin. -->","yoast_head_json":{"title":"MTA-Gesetz: Welche \u00c4nderungen kommen auf Schulen zu?","description":"Ab dem 1. Januar 2023 ist das MTA-Gesetz in Kraft. Welche \u00c4nderungen auf Schulen zukommen, erfahren Sie hier.","robots":{"index":"index","follow":"follow","max-snippet":"max-snippet:-1","max-image-preview":"max-image-preview:large","max-video-preview":"max-video-preview:-1"},"canonical":"https:\/\/www.easysoft.de\/blog\/mta-gesetz-im-ueberblick\/","og_locale":"de_DE","og_type":"article","og_title":"MTA-Gesetz: Welche \u00c4nderungen kommen auf Schulen zu?","og_description":"Ab dem 1. Januar 2023 ist das MTA-Gesetz in Kraft. Welche \u00c4nderungen auf Schulen zukommen, erfahren Sie hier.","og_url":"https:\/\/www.easysoft.de\/blog\/mta-gesetz-im-ueberblick\/","og_site_name":"Der easySoft-Blog","article_published_time":"2022-08-31T08:37:58+00:00","article_modified_time":"2023-07-20T05:44:53+00:00","og_image":[{"width":2256,"height":1181,"url":"https:\/\/www.easysoft.de\/blog\/wp-content\/uploads\/Blog_MTB_Reform-1.jpg","type":"image\/jpeg"}],"author":"Michael J\u00fcrgens","twitter_card":"summary_large_image","twitter_image":"https:\/\/www.easysoft.de\/blog\/wp-content\/uploads\/Blog_MTB_Reform-1.jpg","twitter_misc":{"Verfasst von":"Michael J\u00fcrgens","Gesch\u00e4tzte Lesezeit":"3\u00a0Minuten"},"schema":{"@context":"https:\/\/schema.org","@graph":[{"@type":"Article","@id":"https:\/\/www.easysoft.de\/blog\/mta-gesetz-im-ueberblick\/#article","isPartOf":{"@id":"https:\/\/www.easysoft.de\/blog\/mta-gesetz-im-ueberblick\/"},"author":{"name":"Michael J\u00fcrgens","@id":"https:\/\/www.easysoft.de\/blog\/#\/schema\/person\/24fa5d79c94832ebf55292bef3e1400d"},"headline":"MTA-Gesetz: Welche \u00c4nderungen kommen auf Schulen zu?","datePublished":"2022-08-31T08:37:58+00:00","dateModified":"2023-07-20T05:44:53+00:00","mainEntityOfPage":{"@id":"https:\/\/www.easysoft.de\/blog\/mta-gesetz-im-ueberblick\/"},"wordCount":411,"commentCount":0,"image":{"@id":"https:\/\/www.easysoft.de\/blog\/mta-gesetz-im-ueberblick\/#primaryimage"},"thumbnailUrl":"https:\/\/www.easysoft.de\/blog\/wp-content\/uploads\/MTA_Reform.jpg","keywords":["Ausbildung in der Pflege","Gesetzliche Vorgaben","Gesundheitswesen"],"articleSection":["Alle Beitr\u00e4ge","Ausbildung"],"inLanguage":"de","potentialAction":[{"@type":"CommentAction","name":"Comment","target":["https:\/\/www.easysoft.de\/blog\/mta-gesetz-im-ueberblick\/#respond"]}]},{"@type":"WebPage","@id":"https:\/\/www.easysoft.de\/blog\/mta-gesetz-im-ueberblick\/","url":"https:\/\/www.easysoft.de\/blog\/mta-gesetz-im-ueberblick\/","name":"MTA-Gesetz: Welche \u00c4nderungen kommen auf Schulen zu?","isPartOf":{"@id":"https:\/\/www.easysoft.de\/blog\/#website"},"primaryImageOfPage":{"@id":"https:\/\/www.easysoft.de\/blog\/mta-gesetz-im-ueberblick\/#primaryimage"},"image":{"@id":"https:\/\/www.easysoft.de\/blog\/mta-gesetz-im-ueberblick\/#primaryimage"},"thumbnailUrl":"https:\/\/www.easysoft.de\/blog\/wp-content\/uploads\/MTA_Reform.jpg","datePublished":"2022-08-31T08:37:58+00:00","dateModified":"2023-07-20T05:44:53+00:00","author":{"@id":"https:\/\/www.easysoft.de\/blog\/#\/schema\/person\/24fa5d79c94832ebf55292bef3e1400d"},"description":"Ab dem 1. Januar 2023 ist das MTA-Gesetz in Kraft. Welche \u00c4nderungen auf Schulen zukommen, erfahren Sie hier.","breadcrumb":{"@id":"https:\/\/www.easysoft.de\/blog\/mta-gesetz-im-ueberblick\/#breadcrumb"},"inLanguage":"de","potentialAction":[{"@type":"ReadAction","target":["https:\/\/www.easysoft.de\/blog\/mta-gesetz-im-ueberblick\/"]}]},{"@type":"ImageObject","inLanguage":"de","@id":"https:\/\/www.easysoft.de\/blog\/mta-gesetz-im-ueberblick\/#primaryimage","url":"https:\/\/www.easysoft.de\/blog\/wp-content\/uploads\/MTA_Reform.jpg","contentUrl":"https:\/\/www.easysoft.de\/blog\/wp-content\/uploads\/MTA_Reform.jpg","width":1400,"height":933,"caption":"Medizinische Technologin f\u00fcr Radiologie betreut Seniorin beim MRT"},{"@type":"BreadcrumbList","@id":"https:\/\/www.easysoft.de\/blog\/mta-gesetz-im-ueberblick\/#breadcrumb","itemListElement":[{"@type":"ListItem","position":1,"name":"Home","item":"https:\/\/www.easysoft.de\/blog\/"},{"@type":"ListItem","position":2,"name":"MTA-Gesetz: Welche \u00c4nderungen kommen auf Schulen zu?"}]},{"@type":"WebSite","@id":"https:\/\/www.easysoft.de\/blog\/#website","url":"https:\/\/www.easysoft.de\/blog\/","name":"Der easySoft-Blog","description":"Neues zu Ausbildung, Fortbildung und Personalentwicklung im Gesundheitswesen","potentialAction":[{"@type":"SearchAction","target":{"@type":"EntryPoint","urlTemplate":"https:\/\/www.easysoft.de\/blog\/?s={search_term_string}"},"query-input":{"@type":"PropertyValueSpecification","valueRequired":true,"valueName":"search_term_string"}}],"inLanguage":"de"},{"@type":"Person","@id":"https:\/\/www.easysoft.de\/blog\/#\/schema\/person\/24fa5d79c94832ebf55292bef3e1400d","name":"Michael J\u00fcrgens","image":{"@type":"ImageObject","inLanguage":"de","@id":"https:\/\/secure.gravatar.com\/avatar\/418f48dafb711d2001d06f7058780ea0a72ceab0ff53583533b6118ad3ca1ba7?s=96&d=mm&r=g","url":"https:\/\/secure.gravatar.com\/avatar\/418f48dafb711d2001d06f7058780ea0a72ceab0ff53583533b6118ad3ca1ba7?s=96&d=mm&r=g","contentUrl":"https:\/\/secure.gravatar.com\/avatar\/418f48dafb711d2001d06f7058780ea0a72ceab0ff53583533b6118ad3ca1ba7?s=96&d=mm&r=g","caption":"Michael J\u00fcrgens"},"description":"Wenn es um die Pflege geht, kann Michael J\u00fcrgens aus eigener Erfahrung sprechen: Als Lehrer f\u00fcr Pflegeberufe im Bereich OTA war er jahrelang an verschiedenen Schulen t\u00e4tig. Seit inzwischen 14 Jahren gibt er f\u00fcr easySoft dieses Wissen an Einrichtungen und Unternehmen als Senior Berater \/ Trainer weiter.","sameAs":["https:\/\/www.easysoft.de\/blog\/wp-content\/uploads\/Juergens_Michael-1.jpg"],"url":"https:\/\/www.easysoft.de\/blog\/author\/michaeljuergens\/"}]}},"_links":{"self":[{"href":"https:\/\/www.easysoft.de\/blog\/wp-json\/wp\/v2\/posts\/2519","targetHints":{"allow":["GET"]}}],"collection":[{"href":"https:\/\/www.easysoft.de\/blog\/wp-json\/wp\/v2\/posts"}],"about":[{"href":"https:\/\/www.easysoft.de\/blog\/wp-json\/wp\/v2\/types\/post"}],"author":[{"embeddable":true,"href":"https:\/\/www.easysoft.de\/blog\/wp-json\/wp\/v2\/users\/16"}],"replies":[{"embeddable":true,"href":"https:\/\/www.easysoft.de\/blog\/wp-json\/wp\/v2\/comments?post=2519"}],"version-history":[{"count":11,"href":"https:\/\/www.easysoft.de\/blog\/wp-json\/wp\/v2\/posts\/2519\/revisions"}],"predecessor-version":[{"id":2763,"href":"https:\/\/www.easysoft.de\/blog\/wp-json\/wp\/v2\/posts\/2519\/revisions\/2763"}],"wp:featuredmedia":[{"embeddable":true,"href":"https:\/\/www.easysoft.de\/blog\/wp-json\/wp\/v2\/media\/2522"}],"wp:attachment":[{"href":"https:\/\/www.easysoft.de\/blog\/wp-json\/wp\/v2\/media?parent=2519"}],"wp:term":[{"taxonomy":"category","embeddable":true,"href":"https:\/\/www.easysoft.de\/blog\/wp-json\/wp\/v2\/categories?post=2519"},{"taxonomy":"post_tag","embeddable":true,"href":"https:\/\/www.easysoft.de\/blog\/wp-json\/wp\/v2\/tags?post=2519"}],"curies":[{"name":"wp","href":"https:\/\/api.w.org\/{rel}","templated":true}]}}